{"id":22476,"date":"2026-09-03T14:48:56","date_gmt":"2026-09-03T14:48:56","guid":{"rendered":"https:\/\/asisucedegto.mx\/inicio\/?p=22476"},"modified":"2026-09-03T14:48:56","modified_gmt":"2026-09-03T14:48:56","slug":"entregan-cuerpos-de-jonathan-melendez-su-familia-y-trabajadora-a-familiares","status":"publish","type":"post","link":"https:\/\/asisucedegto.mx\/inicio\/entregan-cuerpos-de-jonathan-melendez-su-familia-y-trabajadora-a-familiares\/","title":{"rendered":"Entregan cuerpos de Jonathan Mel\u00e9ndez, su familia y trabajadora a familiares"},"content":{"rendered":"\n<p class=\"wp-block-paragraph\"><strong>Nacional.,03 de septiembre del 2026.-<\/strong> La madrugada del jueves 3 de septiembre de 2026 fueron\u00a0<strong>entregados<\/strong>\u00a0los\u00a0<strong>cuerpos<\/strong>\u00a0de\u00a0<strong>Jonathan Mel\u00e9ndez Ochoa<\/strong>, tecladista de\u00a0<strong>Camilo S\u00e9ptimo<\/strong>, as\u00ed como de su\u00a0<strong>esposa<\/strong>,\u00a0<strong>hija<\/strong>\u00a0y una<strong>\u00a0trabajadora del hogar<\/strong>, quienes fueron\u00a0<strong>asesinados<\/strong>\u00a0en la previa en un departamento de<strong>\u00a0Atizap\u00e1n<\/strong>, en el Estado de M\u00e9xico.<\/p>\n\n\n\n<p class=\"wp-block-paragraph\">El traslado de los restos mortales se efectu\u00f3 a bordo de camionetas funerarias desde las instalaciones de la Subdirecci\u00f3n de Servicios Periciales de Tlalnepantla, ubicadas en la zona de Barrientos luego de que autoridades mexiquenses concluyeran los protocolos de ley correspondientes.<\/p>\n\n\n\n<p class=\"wp-block-paragraph\">Los cuerpos fueron llevados a distintas salas para su preparaci\u00f3n previa a sus velaciones, donde familiares y allegados se reunir\u00e1n para darles el \u00faltimo adi\u00f3s.<br><br>Autoridades detuvieron el mi\u00e9rcoles 2 de septiembre de 2026 a dos hombres se\u00f1alados como presuntos responsables del homicidio m\u00faltiple de un miembro de la banda de indie rock Camilo S\u00e9ptimo, su esposa embarazada, su hija de tres a\u00f1os y una trabajadora del hogar, cuyos cuerpos fueron hallados al interior de su residencia en el municipio de Atizap\u00e1n.<\/p>\n\n\n\n<p class=\"wp-block-paragraph\">El hallazgo de las v\u00edctimas se registr\u00f3 en los primeros minutos del mi\u00e9rcoles, despu\u00e9s de que vecinos de la torre residencial alertaran a la polic\u00eda municipal tras escuchar gritos y detonaciones de arma de fuego en el interior del departamento.<\/p>\n\n\n\n<p class=\"wp-block-paragraph\">\u00c7Al ingresar en el inmueble, los agentes localizaron sin vida a Mel\u00e9ndez (de 38 a\u00f1os), a su esposa Ana Paola (de 35 a\u00f1os y con meses de gestaci\u00f3n), a la hija de ambos (de tres a\u00f1os) y a la empleada del hogar (de 21 a\u00f1os), todos con impactos de bala en el cuerpo, adem\u00e1s de localizar a la mascota familiar sin vida.<\/p>\n\n\n\n<p class=\"wp-block-paragraph\">En el sitio de los hechos, los servicios de emergencia rescataron ileso a un menor de seis a\u00f1os quien se encontraba al interior del domicilio sin signos de violencia f\u00edsica.<\/p>\n\n\n\n<p class=\"wp-block-paragraph\">Las detenciones de Diego Sebasti\u00e1n \u201cN\u201d, identificado como socio comercial del artista y presunto autor del crimen, y de Gerardo \u201cN\u201d se ejecutaron tras un operativo coordinado entre la Fiscal\u00eda General de Justicia del Estado de M\u00e9xico (FGJEM), la Secretar\u00eda de Seguridad y Protecci\u00f3n Ciudadana (SSPC) y la polic\u00eda de la Ciudad de M\u00e9xico.<br><br>Con informaci\u00f3n de <strong>N+ y L\u00f3pez-D\u00f3riga Digital<\/strong><\/p>\n","protected":false},"excerpt":{"rendered":"<p>Nacional.,03 de septiembre del 2026.- La madrugada del jueves 3 de septiembre de 2026 fueron\u00a0entregados\u00a0los\u00a0cuerpos\u00a0de\u00a0Jonathan Mel\u00e9ndez Ochoa, tecladista de\u00a0Camilo S\u00e9ptimo, as\u00ed como de su\u00a0esposa,\u00a0hija\u00a0y una\u00a0trabajadora del hogar, quienes fueron\u00a0asesinados\u00a0en la previa en un departamento de\u00a0Atizap\u00e1n, en el Estado de M\u00e9xico. El traslado de los restos mortales se efectu\u00f3 a bordo de camionetas funerarias desde las [&hellip;]<\/p>\n","protected":false},"author":3,"featured_media":22477,"comment_status":"open","ping_status":"open","sticky":false,"template":"","format":"standard","meta":{"footnotes":""},"categories":[13,4],"tags":[],"class_list":["post-22476","post","type-post","status-publish","format-standard","has-post-thumbnail","hentry","category-nacional","category-noticias"],"_links":{"self":[{"href":"https:\/\/asisucedegto.mx\/inicio\/wp-json\/wp\/v2\/posts\/22476","targetHints":{"allow":["GET"]}}],"collection":[{"href":"https:\/\/asisucedegto.mx\/inicio\/wp-json\/wp\/v2\/posts"}],"about":[{"href":"https:\/\/asisucedegto.mx\/inicio\/wp-json\/wp\/v2\/types\/post"}],"author":[{"embeddable":true,"href":"https:\/\/asisucedegto.mx\/inicio\/wp-json\/wp\/v2\/users\/3"}],"replies":[{"embeddable":true,"href":"https:\/\/asisucedegto.mx\/inicio\/wp-json\/wp\/v2\/comments?post=22476"}],"version-history":[{"count":1,"href":"https:\/\/asisucedegto.mx\/inicio\/wp-json\/wp\/v2\/posts\/22476\/revisions"}],"predecessor-version":[{"id":22478,"href":"https:\/\/asisucedegto.mx\/inicio\/wp-json\/wp\/v2\/posts\/22476\/revisions\/22478"}],"wp:featuredmedia":[{"embeddable":true,"href":"https:\/\/asisucedegto.mx\/inicio\/wp-json\/wp\/v2\/media\/22477"}],"wp:attachment":[{"href":"https:\/\/asisucedegto.mx\/inicio\/wp-json\/wp\/v2\/media?parent=22476"}],"wp:term":[{"taxonomy":"category","embeddable":true,"href":"https:\/\/asisucedegto.mx\/inicio\/wp-json\/wp\/v2\/categories?post=22476"},{"taxonomy":"post_tag","embeddable":true,"href":"https:\/\/asisucedegto.mx\/inicio\/wp-json\/wp\/v2\/tags?post=22476"}],"curies":[{"name":"wp","href":"https:\/\/api.w.org\/{rel}","templated":true}]}}