{"id":22479,"date":"2026-09-03T15:46:08","date_gmt":"2026-09-03T15:46:08","guid":{"rendered":"https:\/\/asisucedegto.mx\/inicio\/?p=22479"},"modified":"2026-09-03T15:46:08","modified_gmt":"2026-09-03T15:46:08","slug":"muere-gloria-steinem-icono-del-feminismo-estadounidense-a-los-92-anos","status":"publish","type":"post","link":"https:\/\/asisucedegto.mx\/inicio\/muere-gloria-steinem-icono-del-feminismo-estadounidense-a-los-92-anos\/","title":{"rendered":"Muere Gloria Steinem, \u00edcono del feminismo estadounidense, a los 92 a\u00f1os"},"content":{"rendered":"\n<p class=\"wp-block-paragraph\"><strong>Internacional., 03 de septiembre del 2026.- Gloria Steinem, quien falleci\u00f3 este 2 de septiembre a los 92 a\u00f1os de edad, fue un poderoso \u00edcono del movimiento feminista estadounidense, y su carrera abarc\u00f3 una mir\u00edada de roles que cambiaron la vida de generaciones de mujeres.<\/strong><\/p>\n\n\n\n<p class=\"wp-block-paragraph\">Con sus ic\u00f3nicas gafas de sol de aviador y su larga melena rubia con mechas \u2014que ella consideraba un acto de rebeld\u00eda en la d\u00e9cada de 1970\u2014, Steinem fue una activista reconocida internacionalmente en la lucha por la igualdad de las mujeres.<\/p>\n\n\n\n<p class=\"wp-block-paragraph\">Se pronunci\u00f3 a favor de la legalizaci\u00f3n del aborto, el matrimonio entre personas del mismo sexo y la igualdad de derechos y salario para las mujeres, y protest\u00f3 contra la pena de muerte y la mutilaci\u00f3n genital femenina.<\/p>\n\n\n\n<p class=\"wp-block-paragraph\">Su activismo no estuvo exento de reacciones adversas, tanto de hombres como de mujeres, y de acoso que pod\u00eda ser tan vulgar como intimidante.<\/p>\n\n\n\n<h2 class=\"wp-block-heading\">Los primeros a\u00f1os<\/h2>\n\n\n\n<p class=\"wp-block-paragraph\">Gloria Steinem naci\u00f3 el 25 de marzo de 1934 en Toledo, Ohio, y no tuvo una infancia f\u00e1cil.<\/p>\n\n\n\n<p class=\"wp-block-paragraph\">Su padre, Leo Steinem, era vendedor ambulante y, junto con su madre Ruth y su hermana mayor Susanne, viv\u00edan en una caravana, recorriendo el pa\u00eds de un extremo a otro.<\/p>\n\n\n\n<p class=\"wp-block-paragraph\">Leo abandon\u00f3 a la familia y se mud\u00f3 a California cuando Steinem ten\u00eda 10 a\u00f1os, dej\u00e1ndola al cuidado de Ruth, quien padec\u00eda desde hac\u00eda tiempo una enfermedad mental y sufr\u00eda alucinaciones aterradoras.<\/p>\n\n\n\n<p class=\"wp-block-paragraph\">Como resultado, Steinem no asisti\u00f3 a la escuela a tiempo completo hasta que cumpli\u00f3 12 a\u00f1os.<br><br>M\u00e1s tarde comentar\u00eda que nunca hab\u00eda querido tener hijos porque ya ten\u00eda uno: su madre.<\/p>\n\n\n\n<p class=\"wp-block-paragraph\">A finales de la d\u00e9cada de 1950, viaj\u00f3 a India con una beca de investigaci\u00f3n y pas\u00f3 dos a\u00f1os desempe\u00f1ando diversas funciones, entre ellas la de ayudar a mujeres de aldeas a organizar protestas no violentas contra las pol\u00edticas gubernamentales, lo que despert\u00f3 su inter\u00e9s por el activismo de base.<\/p>\n\n\n\n<p class=\"wp-block-paragraph\">Steinem dej\u00f3 India y se mud\u00f3 a la ciudad de Nueva York a principios de la d\u00e9cada de 1960 para comenzar su carrera como escritora independiente. Era una \u00e9poca en la que las redacciones dominadas por hombres dificultaban que las mujeres consiguieran reportajes de gran impacto.<\/p>\n\n\n\n<h2 class=\"wp-block-heading\">Art\u00edculo revelador<\/h2>\n\n\n\n<p class=\"wp-block-paragraph\">Su gran oportunidad lleg\u00f3 en 1963, cuando Steinem se infiltr\u00f3 como camarera de c\u00f3cteles en Playboy y escribi\u00f3<em>&nbsp;A Bunny&#8217;s Tale<\/em>, un reportaje para la revista Show que detallaba la s\u00f3rdida y sexista realidad del imperio de Hugh Hefner.<\/p>\n\n\n\n<p class=\"wp-block-paragraph\">En cuanto lleg\u00f3 para la entrevista, un guardia de seguridad grit\u00f3: \u00ab\u00a1Aqu\u00ed, conejita, conejita, conejita!\u00bb.<\/p>\n\n\n\n<p class=\"wp-block-paragraph\">Usando el nombre falso de Marie, minti\u00f3 sobre su edad: le dijo a Playboy que ten\u00eda 24 a\u00f1os cuando en realidad era cuatro a\u00f1os mayor.<\/p>\n\n\n\n<p class=\"wp-block-paragraph\">Steinem sac\u00f3 a la luz la vida mal pagada de una conejita de ballet y el dolor f\u00edsico de llevar tacones altos y cors\u00e9s ajustados durante horas.<\/p>\n\n\n\n<p class=\"wp-block-paragraph\">A pesar de la fama \u2014y la infamia\u2014 que le siguieron, segu\u00eda teniendo dificultades para que los editores la tomaran en serio.<\/p>\n\n\n\n<p class=\"wp-block-paragraph\">Aunque el reportaje de Playboy le ayud\u00f3 a conseguir encargos para elNew York Times y la revista New York Magazine, a menudo estos trataban sobre medias de mujer y los \u00faltimos peinados.<\/p>\n\n\n\n<p class=\"wp-block-paragraph\">\u00abHasta el d\u00eda de hoy, cuando a la gente no le caigo bien, me presentan como una exconejita, para menospreciarme\u00bb, declar\u00f3 al New York Times en 2016. \u00abPor otro lado, s\u00ed mejor\u00e9 las condiciones laborales de esas mujeres\u00bb.<\/p>\n\n\n\n<h2 class=\"wp-block-heading\">Periodismo exclusivamente femenino<\/h2>\n\n\n\n<p class=\"wp-block-paragraph\">Sin desanimarse, en 1968 Steinem era columnista de la revista New York Magazine, donde se centraba en temas sociales progresistas y en los derechos de las mujeres.<\/p>\n\n\n\n<p class=\"wp-block-paragraph\">Su art\u00edculo, \u00abDespu\u00e9s del Poder Negro, la Liberaci\u00f3n de la Mujer\u00bb, le vali\u00f3 fama nacional y la convirti\u00f3 en el rostro del movimiento feminista estadounidense en la d\u00e9cada de 1970.<\/p>\n\n\n\n<p class=\"wp-block-paragraph\">\u00abYo era la \u00fanica mujer, y despu\u00e9s de escribir un art\u00edculo sobre el aborto, mis amigos [hombres] me dijeron: &#8216;No te metas con estas locas. Te has esforzado mucho para que te tomen en serio'\u00bb, le cont\u00f3 a Rachel Cooke para The Guardianen 2011.<\/p>\n\n\n\n<p class=\"wp-block-paragraph\">As\u00ed que decidi\u00f3 tomar cartas en el asunto.<\/p>\n\n\n\n<p class=\"wp-block-paragraph\">En 1972, lanz\u00f3 la revista\u00a0<em>Ms.<\/em>\u00a0junto con un grupo de activistas feministas. Fue la primera publicaci\u00f3n peri\u00f3dica fundada y dirigida exclusivamente por mujeres, concebida como una alternativa a otras revistas femeninas que generalmente se centraban en temas de hogar y moda.<br><br>Sus antagonistas, en su mayor\u00eda hombres, no tardaron en criticarla. El presentador de noticias Harry Reasoner dijo que le daba seis meses \u00abantes de que se les acabaran las cosas que decir\u00bb.<\/p>\n\n\n\n<p class=\"wp-block-paragraph\">El primer n\u00famero se agot\u00f3 en una semana y gener\u00f3 26.000 suscriptores. La revista sigue public\u00e1ndose a\u00fan.<\/p>\n\n\n\n<p class=\"wp-block-paragraph\">En 1978, Steinem escribi\u00f3 uno de los ensayos m\u00e1s infames y le\u00eddos de la revista&nbsp;<em>Ms.<\/em>: \u00abSi los hombres pudieran menstruar\u00bb.<\/p>\n\n\n\n<p class=\"wp-block-paragraph\">Su reflexi\u00f3n sat\u00edrica sobre lo diferentes que podr\u00edan ser las estructuras de poder, pol\u00edticas y econ\u00f3micas si los hombres tuvieran ciclos menstruales todav\u00eda se menciona en los debates sobre los roles de g\u00e9nero.<\/p>\n\n\n\n<p class=\"wp-block-paragraph\">Al final de su carrera, Steinem se hab\u00eda convertido en una escritora prol\u00edfica y galardonada, autora de numerosos libros, entre ellos sus propias memorias, una biograf\u00eda de Marilyn Monroe y una recopilaci\u00f3n de sus citas m\u00e1s famosas titulada con iron\u00eda&nbsp;<em>\u00abThe truth will set you free, but first it will piss you off\u00bb&nbsp;<\/em>(\u00abLa verdad te har\u00e1 libre, pero primero te har\u00e1 enojar\u00bb).<\/p>\n\n\n\n<h2 class=\"wp-block-heading\">Activista por el derecho al aborto<\/h2>\n\n\n\n<p class=\"wp-block-paragraph\">Aunque sigue siendo considerada una de las activistas feministas m\u00e1s conocidas del mundo, Steinem se dedic\u00f3 al activismo bastante tarde en su vida, cuando ten\u00eda treinta y tantos a\u00f1os.<\/p>\n\n\n\n<p class=\"wp-block-paragraph\">En una manifestaci\u00f3n de sensibilizaci\u00f3n sobre el aborto celebrada en 1969, donde las mujeres compart\u00edan sus experiencias, animaron a Steinem a compartir su propia historia sobre la interrupci\u00f3n de un embarazo. Esto hab\u00eda ocurrido a\u00f1os antes en Londres, cuando ten\u00eda 22 a\u00f1os, justo antes de viajar a India.<\/p>\n\n\n\n<p class=\"wp-block-paragraph\">En aquel entonces, el aborto era ilegal en Reino Unido, salvo que la salud mental o f\u00edsica de la mujer estuviera en peligro. El m\u00e9dico corri\u00f3 un gran riesgo por Steinem, dici\u00e9ndole: \u00abDebes prometerme dos cosas. Primero, no le dir\u00e1s a nadie mi nombre. Segundo, har\u00e1s con tu vida lo que quieras\u00bb.<\/p>\n\n\n\n<p class=\"wp-block-paragraph\">Casi 60 a\u00f1os despu\u00e9s, Steinem rompi\u00f3 una de esas promesas cuando dedic\u00f3 sus memorias, \u00abMy Life On The Road\u00bb (\u00abMi vida en la carretera\u00bb), al m\u00e9dico John Sharpe.<\/p>\n\n\n\n<p class=\"wp-block-paragraph\">Describi\u00f3 aquel evento de concienciaci\u00f3n sobre el aborto como un \u00abmomento revelador\u00bb, cuando se dio cuenta de que Estados Unidos necesitaba un movimiento por los derechos de las mujeres m\u00e1s grande.<\/p>\n\n\n\n<p class=\"wp-block-paragraph\">Steinem se convirti\u00f3 en una defensora ac\u00e9rrima del derecho al aborto, al que denomin\u00f3 \u00ablibertad reproductiva\u00bb. Se le atribuye a esta frase haber hecho que el tema fuera m\u00e1s accesible al debate pol\u00edtico y se sigue utilizando en las discusiones sobre el aborto.\u00e7<\/p>\n\n\n\n<p class=\"wp-block-paragraph\">Steinem organiz\u00f3 marchas y r\u00e1pidamente se convirti\u00f3 en una figura popular en las manifestaciones, aunque m\u00e1s tarde admiti\u00f3 que hablar ante las enormes multitudes le resultaba \u00ababsolutamente aterrador\u00bb.<\/p>\n\n\n\n<p class=\"wp-block-paragraph\">Tras el fracaso del Congreso en la aprobaci\u00f3n de la Enmienda de Igualdad de Derechos (ERA, por sus siglas en ingl\u00e9s) en 1970 \u2014una ley que otorgaba a las mujeres los mismos derechos que a los hombres\u2014, Steinem cofund\u00f3 el Caucus Pol\u00edtico Nacional de Mujeres junto con otras l\u00edderes feministas y m\u00e1s de 300 mujeres de todo Estados Unidos. El grupo trabaj\u00f3 para incluir a las mujeres en todos los aspectos de la vida pol\u00edtica y p\u00fablica.<\/p>\n\n\n\n<p class=\"wp-block-paragraph\">Ese mismo a\u00f1o testific\u00f3 en las audiencias del Senado sobre la Enmienda de Igualdad de Derechos (ERA), dici\u00e9ndole a la audiencia, predominantemente masculina: \u00abMe han negado el servicio en restaurantes p\u00fablicos, me han echado de lugares p\u00fablicos de reuni\u00f3n y me han rechazado en el alquiler de apartamentos, todo por la raz\u00f3n claramente establecida y \u00fanica de que soy mujer\u00bb.<\/p>\n\n\n\n<p class=\"wp-block-paragraph\">La segunda ola del feminismo sigui\u00f3 cobrando fuerza, y Steinem fue una de sus figuras m\u00e1s famosas.<\/p>\n\n\n\n<h2 class=\"wp-block-heading\">\u00bfDemasiado glamur?<\/h2>\n\n\n\n<p class=\"wp-block-paragraph\">Sin embargo, las cr\u00edticas llegaron tanto de la izquierda como de la derecha, y Steinem fue atacada por todo, desde su apariencia hasta sus motivaciones. Algunos afirmaban que era demasiado glamorosa para ser una verdadera feminista, mientras que otros sosten\u00edan que su \u00e9xito se deb\u00eda \u00fanicamente a su imagen.<\/p>\n\n\n\n<p class=\"wp-block-paragraph\">Betty Friedan, autora de \u00abLa m\u00edstica de la feminidad\u00bb, el libro al que se le atribuye el lanzamiento de la segunda ola del feminismo, estaba molesta porque Steinem se convirti\u00f3 en el rostro del movimiento, acus\u00e1ndola de \u00abapropiarse del movimiento para obtener ganancias privadas\u00bb cuando lanz\u00f3&nbsp;<em>Ms.<\/em><\/p>\n\n\n\n<p class=\"wp-block-paragraph\">Los medios de comunicaci\u00f3n intentaban \u00abconvertirla en una celebridad\u00bb, se quej\u00f3 Friedan, \u00abpero nadie deber\u00eda confundirla con una l\u00edder\u00bb.<\/p>\n\n\n\n<p class=\"wp-block-paragraph\">El presidente estadounidense Richard Nixon fue grabado durante una conversaci\u00f3n secreta despotricando furiosamente contra Steinem, a lo que ella respondi\u00f3: \u00abHay quienes opinan que Richard Nixon es el jefe de Estado m\u00e1s inseguro sexualmente desde Napole\u00f3n\u00bb.<\/p>\n\n\n\n<p class=\"wp-block-paragraph\">Al Goldstein, el conocido porn\u00f3grafo y editor de la revista&nbsp;<em>Screw,<\/em>&nbsp;lanz\u00f3 una campa\u00f1a de ataques que incluy\u00f3 la publicaci\u00f3n de su n\u00famero de tel\u00e9fono junto a anuncios falsos de sexo oral.<\/p>\n\n\n\n<p class=\"wp-block-paragraph\">Tambi\u00e9n imprimi\u00f3 una imagen a doble p\u00e1gina de una mujer parecida a Steinem y la colg\u00f3 abierta en el quiosco de peri\u00f3dicos situado frente a las oficinas de la revista&nbsp;<em>Ms.&nbsp;<\/em>Ella ten\u00eda que verla todos los d\u00edas.<\/p>\n\n\n\n<p class=\"wp-block-paragraph\">Con el paso de los a\u00f1os, el acoso de esta magnitud se volvi\u00f3 menos frecuente. Sin embargo, dado que era una figura conocida en la ciudad de Nueva York, no era raro que desconocidos la abordaran en la calle para debatir con ella, a veces con un tono hostil.<\/p>\n\n\n\n<p class=\"wp-block-paragraph\">Pero ella acogi\u00f3 con satisfacci\u00f3n la continuidad del debate. En 2020, form\u00f3 parte de un grupo diverso de figuras p\u00fablicas que firmaron una carta abierta denunciando la cultura de la cancelaci\u00f3n, afirmando que debilita el debate abierto al silenciar a las personas.<\/p>\n\n\n\n<p class=\"wp-block-paragraph\">\u00abSi te importa tener esa conversaci\u00f3n, seguramente querr\u00e1s intentar convencer a la otra persona de una manera humana, no eliminarla\u00bb, declar\u00f3 al New York Times.<\/p>\n\n\n\n<h2 class=\"wp-block-heading\">&#8216;No puedo reproducirme en cautividad&#8217;<\/h2>\n\n\n\n<p class=\"wp-block-paragraph\">Gloria Steinem brome\u00f3 una vez: \u00abNo puedo tener pareja en cautiverio\u00bb, en referencia a su desinter\u00e9s por el matrimonio. Sin embargo, p\u00fablicamente disfrut\u00f3 de una vida amorosa activa con varios solteros ricos y famosos, lo que dio a sus cr\u00edticos m\u00e1s argumentos para atacarla.<\/p>\n\n\n\n<p class=\"wp-block-paragraph\">Entre ellos se encontraban Frank Thomas, quien era director de la Fundaci\u00f3n Ford; el director de cine Mike Nichols y el decatleta ol\u00edmpico Rafer Johnson (quien ayud\u00f3 a detener al hombre que asesin\u00f3 a Robert F. Kennedy en 1968).<\/p>\n\n\n\n<p class=\"wp-block-paragraph\">\u00abSiempre me acusaban de aprovecharme de los hombres, de ser demasiado sexual. Una vez alguien me envi\u00f3 una caricatura de una l\u00e1pida que dec\u00eda &#8216;por fin duerme sola'\u00bb, escribi\u00f3.<\/p>\n\n\n\n<p class=\"wp-block-paragraph\">Pero en el a\u00f1o 2000, a los 66 a\u00f1os, se cas\u00f3 con David Bale, un empresario y ecologista nacido en Sud\u00e1frica, y padre del actor Christian Bale.<\/p>\n\n\n\n<p class=\"wp-block-paragraph\">En aquel momento, la uni\u00f3n provoc\u00f3 exclamaciones de sorpresa e incluso decepci\u00f3n entre algunas feministas, que hab\u00edan seguido durante a\u00f1os los acalorados debates de Steinem en torno a las leyes matrimoniales.<\/p>\n\n\n\n<p class=\"wp-block-paragraph\">Pero ella afirm\u00f3 que esas leyes finalmente hab\u00edan cambiado. \u00abSi me hubiera casado cuando deb\u00eda, habr\u00eda perdido mi apellido, mi residencia legal, mi historial crediticio y muchos de mis derechos civiles. Eso ya no es as\u00ed. Ahora es posible contraer matrimonio en igualdad de condiciones\u00bb, explic\u00f3 a\u00f1os despu\u00e9s.<\/p>\n\n\n\n<p class=\"wp-block-paragraph\">Steinem tambi\u00e9n confes\u00f3 que se trataba de un \u00abmatrimonio por conveniencia\u00bb porque la visa estadounidense de Bale estaba a punto de expirar, pero afirm\u00f3 que se amaban y que iban a estar juntos de todos modos.<\/p>\n\n\n\n<p class=\"wp-block-paragraph\">Bale falleci\u00f3 tres a\u00f1os despu\u00e9s a causa de un linfoma cerebral.<\/p>\n\n\n\n<p class=\"wp-block-paragraph\">Steinem tuvo un susto de salud con un c\u00e1ncer de mama en 1986 y se someti\u00f3 a una lumpectom\u00eda.<\/p>\n\n\n\n<h2 class=\"wp-block-heading\">&#8216;Hay tanto por hacer&#8217;<\/h2>\n\n\n\n<p class=\"wp-block-paragraph\">Gloria Steinem dijo una vez que quer\u00eda vivir hasta los 100 a\u00f1os porque \u00abhay mucho por hacer\u00bb.<\/p>\n\n\n\n<p class=\"wp-block-paragraph\">En su casi siglo de vida, incluso lleg\u00f3 a ser una talentosa bailarina de claqu\u00e9.<\/p>\n\n\n\n<p class=\"wp-block-paragraph\">En 2013, el presidente Barack Obama le otorg\u00f3 la m\u00e1xima distinci\u00f3n civil de Estados Unidos, la Medalla Presidencial de la Libertad, reconociendo que su labor contribuy\u00f3 a que m\u00e1s mujeres recibieran \u00abel respeto y las oportunidades que merecen\u00bb.<\/p>\n\n\n\n<p class=\"wp-block-paragraph\">En 2024, cumpli\u00f3 90 a\u00f1os. Viv\u00eda sola en Nueva York, satisfecha con el hecho de que la revista&nbsp;<em>Ms.<\/em>&nbsp;segu\u00eda public\u00e1ndose.<\/p>\n\n\n\n<p class=\"wp-block-paragraph\">Steinem aprovech\u00f3 la ocasi\u00f3n para declarar a la BBC que esperaba que su legado \u00abpudiera ayudar a las personas&#8230; a convertirse en la persona \u00fanica, valiosa, querida y digna de ser amada que desean ser\u00bb.<\/p>\n\n\n\n<p class=\"wp-block-paragraph\">Ser\u00e1 recordada por dar voz a las mujeres de una manera que los medios de comunicaci\u00f3n convencionales de la \u00e9poca no pod\u00edan o no quer\u00edan hacer.<\/p>\n\n\n\n<p class=\"wp-block-paragraph\">Y al hacerlo, transform\u00f3 el panorama y el lenguaje de los derechos de la mujer en Estados Unidos.<\/p>\n\n\n\n<p class=\"wp-block-paragraph\">Con Informaci\u00f3n de <strong>BBC<\/strong>.<\/p>\n","protected":false},"excerpt":{"rendered":"<p>Internacional., 03 de septiembre del 2026.- Gloria Steinem, quien falleci\u00f3 este 2 de septiembre a los 92 a\u00f1os de edad, fue un poderoso \u00edcono del movimiento feminista estadounidense, y su carrera abarc\u00f3 una mir\u00edada de roles que cambiaron la vida de generaciones de mujeres. Con sus ic\u00f3nicas gafas de sol de aviador y su larga [&hellip;]<\/p>\n","protected":false},"author":3,"featured_media":22480,"comment_status":"open","ping_status":"open","sticky":false,"template":"","format":"standard","meta":{"footnotes":""},"categories":[5,4],"tags":[],"class_list":["post-22479","post","type-post","status-publish","format-standard","has-post-thumbnail","hentry","category-internacional","category-noticias"],"_links":{"self":[{"href":"https:\/\/asisucedegto.mx\/inicio\/wp-json\/wp\/v2\/posts\/22479","targetHints":{"allow":["GET"]}}],"collection":[{"href":"https:\/\/asisucedegto.mx\/inicio\/wp-json\/wp\/v2\/posts"}],"about":[{"href":"https:\/\/asisucedegto.mx\/inicio\/wp-json\/wp\/v2\/types\/post"}],"author":[{"embeddable":true,"href":"https:\/\/asisucedegto.mx\/inicio\/wp-json\/wp\/v2\/users\/3"}],"replies":[{"embeddable":true,"href":"https:\/\/asisucedegto.mx\/inicio\/wp-json\/wp\/v2\/comments?post=22479"}],"version-history":[{"count":1,"href":"https:\/\/asisucedegto.mx\/inicio\/wp-json\/wp\/v2\/posts\/22479\/revisions"}],"predecessor-version":[{"id":22481,"href":"https:\/\/asisucedegto.mx\/inicio\/wp-json\/wp\/v2\/posts\/22479\/revisions\/22481"}],"wp:featuredmedia":[{"embeddable":true,"href":"https:\/\/asisucedegto.mx\/inicio\/wp-json\/wp\/v2\/media\/22480"}],"wp:attachment":[{"href":"https:\/\/asisucedegto.mx\/inicio\/wp-json\/wp\/v2\/media?parent=22479"}],"wp:term":[{"taxonomy":"category","embeddable":true,"href":"https:\/\/asisucedegto.mx\/inicio\/wp-json\/wp\/v2\/categories?post=22479"},{"taxonomy":"post_tag","embeddable":true,"href":"https:\/\/asisucedegto.mx\/inicio\/wp-json\/wp\/v2\/tags?post=22479"}],"curies":[{"name":"wp","href":"https:\/\/api.w.org\/{rel}","templated":true}]}}