{"id":22487,"date":"2026-09-03T18:27:41","date_gmt":"2026-09-03T18:27:41","guid":{"rendered":"https:\/\/asisucedegto.mx\/inicio\/?p=22487"},"modified":"2026-09-03T18:27:41","modified_gmt":"2026-09-03T18:27:41","slug":"san-miguel-de-allende-se-prepara-para-sus-fiestas-patrias-y-patronales-2026","status":"publish","type":"post","link":"https:\/\/asisucedegto.mx\/inicio\/san-miguel-de-allende-se-prepara-para-sus-fiestas-patrias-y-patronales-2026\/","title":{"rendered":"\u00a1San Miguel de Allende se prepara para sus Fiestas Patrias y Patronales 2026!"},"content":{"rendered":"\n<p class=\"wp-block-paragraph\"><strong>San Miguel de Allende, Gto., 03 de septiembre del 2026.- <\/strong>San Miguel de Allende se prepara para vivir una de las temporadas m\u00e1s representativas del a\u00f1o. Durante septiembre y octubre, las Fiestas Patrias y Patronales 2026 reunir\u00e1n historia, tradici\u00f3n, cultura popular y convivencia en una agenda que incluye cabalgatas, ceremonias c\u00edvicas, danzas, La Alborada y la Feria Municipal.<\/p>\n\n\n\n<p class=\"wp-block-paragraph\">Bajo la visi\u00f3n del presidente municipal Mauricio Trejo, preservar las tradiciones tambi\u00e9n implica generar las condiciones para que puedan seguir vivas, ordenadas y compartidas por nuevas generaciones.<\/p>\n\n\n\n<p class=\"wp-block-paragraph\">Esta temporada representa tambi\u00e9n una oportunidad para fortalecer las tradiciones entre las familias sanmiguelenses y recibir a turistas y visitantes en una ciudad preparada para vivir semanas de intensa actividad.<\/p>\n\n\n\n<p class=\"wp-block-paragraph\">Del 15 y 16 de septiembre, con los principales actos c\u00edvicos, al 3 y 4 de octubre, con La Alborada, la Entrada de \u00c1nimas y X\u00fachiles y el Gran Desfile de Danzas, San Miguel volver\u00e1 a mostrar una de sus expresiones culturales m\u00e1s profundas.<\/p>\n\n\n\n<p class=\"wp-block-paragraph\">La Feria San Miguel de Allende 2026, del 18 de septiembre al 4 de octubre, forma parte de esta misma temporada y se suma como espacio de encuentro, entretenimiento y convivencia.<\/p>\n\n\n\n<p class=\"wp-block-paragraph\">As\u00ed se expresa el Modelo San Miguel: una ciudad que crece, recibe al mundo y se proyecta hacia fuera sin perder aquello que le da identidad.<\/p>\n","protected":false},"excerpt":{"rendered":"<p>San Miguel de Allende, Gto., 03 de septiembre del 2026.- San Miguel de Allende se prepara para vivir una de las temporadas m\u00e1s representativas del a\u00f1o. Durante septiembre y octubre, las Fiestas Patrias y Patronales 2026 reunir\u00e1n historia, tradici\u00f3n, cultura popular y convivencia en una agenda que incluye cabalgatas, ceremonias c\u00edvicas, danzas, La Alborada y [&hellip;]<\/p>\n","protected":false},"author":3,"featured_media":22488,"comment_status":"open","ping_status":"open","sticky":false,"template":"","format":"standard","meta":{"footnotes":""},"categories":[4,18],"tags":[],"class_list":["post-22487","post","type-post","status-publish","format-standard","has-post-thumbnail","hentry","category-noticias","category-sanmigueldeallende"],"_links":{"self":[{"href":"https:\/\/asisucedegto.mx\/inicio\/wp-json\/wp\/v2\/posts\/22487","targetHints":{"allow":["GET"]}}],"collection":[{"href":"https:\/\/asisucedegto.mx\/inicio\/wp-json\/wp\/v2\/posts"}],"about":[{"href":"https:\/\/asisucedegto.mx\/inicio\/wp-json\/wp\/v2\/types\/post"}],"author":[{"embeddable":true,"href":"https:\/\/asisucedegto.mx\/inicio\/wp-json\/wp\/v2\/users\/3"}],"replies":[{"embeddable":true,"href":"https:\/\/asisucedegto.mx\/inicio\/wp-json\/wp\/v2\/comments?post=22487"}],"version-history":[{"count":1,"href":"https:\/\/asisucedegto.mx\/inicio\/wp-json\/wp\/v2\/posts\/22487\/revisions"}],"predecessor-version":[{"id":22489,"href":"https:\/\/asisucedegto.mx\/inicio\/wp-json\/wp\/v2\/posts\/22487\/revisions\/22489"}],"wp:featuredmedia":[{"embeddable":true,"href":"https:\/\/asisucedegto.mx\/inicio\/wp-json\/wp\/v2\/media\/22488"}],"wp:attachment":[{"href":"https:\/\/asisucedegto.mx\/inicio\/wp-json\/wp\/v2\/media?parent=22487"}],"wp:term":[{"taxonomy":"category","embeddable":true,"href":"https:\/\/asisucedegto.mx\/inicio\/wp-json\/wp\/v2\/categories?post=22487"},{"taxonomy":"post_tag","embeddable":true,"href":"https:\/\/asisucedegto.mx\/inicio\/wp-json\/wp\/v2\/tags?post=22487"}],"curies":[{"name":"wp","href":"https:\/\/api.w.org\/{rel}","templated":true}]}}