{"id":22496,"date":"2026-09-03T21:12:25","date_gmt":"2026-09-03T21:12:25","guid":{"rendered":"https:\/\/asisucedegto.mx\/inicio\/?p=22496"},"modified":"2026-09-03T21:12:25","modified_gmt":"2026-09-03T21:12:25","slug":"sheinbaum-protesta-por-la-deportacion-desde-ee-uu-hacia-centroamerica-de-mas-de-2-mil-900-mexicanos","status":"publish","type":"post","link":"https:\/\/asisucedegto.mx\/inicio\/sheinbaum-protesta-por-la-deportacion-desde-ee-uu-hacia-centroamerica-de-mas-de-2-mil-900-mexicanos\/","title":{"rendered":"Sheinbaum protesta por la deportaci\u00f3n desde EE. UU. hacia Centroam\u00e9rica de m\u00e1s de 2 mil 900 mexicanos"},"content":{"rendered":"\n<p class=\"wp-block-paragraph\">M\u00e9xico, 3 de Septiembre de 2026.- La presidenta\u00a0<strong>Claudia\u00a0Sheinbaum Pardo<\/strong>\u00a0critic\u00f3 que<strong>\u00a0Estados Unidos deporte<\/strong>\u00a0a\u00a0<strong>mexicanos<\/strong>\u00a0hacia\u00a0<strong>terceros pa\u00edses<\/strong>\u00a0y sostuvo que \u201cno hay raz\u00f3n\u201d para enviarlos a Centroam\u00e9rica, despu\u00e9s de que el Instituto Nacional de Migraci\u00f3n (INM) informara que m\u00e1s\u00a0<strong>dos mil 900 connacionales<\/strong>\u00a0han sido\u00a0<strong>trasladados<\/strong>\u00a0a\u00a0<strong>Guatemala, Honduras y Costa Rica<\/strong>.<\/p>\n\n\n\n<blockquote class=\"wp-block-quote is-layout-flow wp-block-quote-is-layout-flow\">\n<p class=\"wp-block-paragraph\">\u201cNo estamos de acuerdo. No hay raz\u00f3n para que env\u00eden a connacionales a Centroam\u00e9rica, alg\u00fan pa\u00eds de Centroam\u00e9rica. Ninguna raz\u00f3n\u201d, afirm\u00f3 en su conferencia del jueves 3 de septiembre de 2026, en la que asegur\u00f3 que su Gobierno ha manifestado su inconformidad a Washington.<\/p>\n<\/blockquote>\n\n\n\n<p class=\"wp-block-paragraph\">El titular del INM,&nbsp;<strong>Sergio Salom\u00f3n<\/strong>, explic\u00f3 que la protesta mexicana se ha transmitido mediante la Secretar\u00eda de Relaciones Exteriores y la Secretar\u00eda de Gobernaci\u00f3n, mientras ambos gobiernos mantienen conversaciones para frenar esa pr\u00e1ctica.<\/p>\n\n\n\n<p class=\"wp-block-paragraph\">\u201cSe ha hecho patente la inconformidad por parte del Gobierno Federal (\u2026) y se ha venido trabajando de manera muy puntual para buscar que esa colaboraci\u00f3n evite que se sigan mandando connacionales a Centroam\u00e9rica\u201d, indic\u00f3.<\/p>\n\n\n\n<p class=\"wp-block-paragraph\">El funcionario precis\u00f3 que el Gobierno federal tiene registros de dos mil 900 mexicanos enviados a Guatemala y Honduras, as\u00ed como de 20 trasladados a Costa Rica, aunque no desglos\u00f3 cu\u00e1ntos correspondieron a cada uno de los dos primeros pa\u00edses.<\/p>\n\n\n\n<p class=\"wp-block-paragraph\">Seg\u00fan explic\u00f3, cuando las autoridades mexicanas conocen estos traslados, la Canciller\u00eda activa a sus consulados para contactar a los deportados y coordinar su regreso al pa\u00eds.<\/p>\n\n\n\n<p class=\"wp-block-paragraph\">En los casos de Guatemala y Honduras, a\u00f1adi\u00f3, los mexicanos son trasladados por v\u00eda terrestre hacia la frontera sur, donde reciben una carta de repatriaci\u00f3n y son incorporados a los servicios del programa M\u00e9xico te Abraza.<\/p>\n\n\n\n<p class=\"wp-block-paragraph\">Para los 20 connacionales enviados a Costa Rica, el retorno se realiz\u00f3 por v\u00eda a\u00e9rea, con llegada al Aeropuerto Internacional Felipe \u00c1ngeles (AIFA), donde reciben la misma atenci\u00f3n.<\/p>\n\n\n\n<p class=\"wp-block-paragraph\">El titular del INM tambi\u00e9n sostuvo que todas las personas deportadas a estos pa\u00edses \u201cest\u00e1n ya en M\u00e9xico\u201d.<\/p>\n\n\n\n<p class=\"wp-block-paragraph\">Sheinbaum a\u00f1adi\u00f3 que M\u00e9xico mantiene acuerdos con los pa\u00edses centroamericanos receptores y que los consulados permanecen atentos para asistir a los connacionales cuando llegan.<\/p>\n\n\n\n<p class=\"wp-block-paragraph\">\u201cEn el momento en que llegan los recibe el consulado y tenemos contratados veh\u00edculos para que puedan (\u2026) venir de inmediato a M\u00e9xico\u201d, sostuvo.<\/p>\n\n\n\n<p class=\"wp-block-paragraph\">La presidenta insisti\u00f3 en que, adem\u00e1s de expresar su desacuerdo con Washington, la prioridad de su Gobierno es acelerar el retorno y la atenci\u00f3n de los mexicanos deportados.<\/p>\n\n\n\n<p class=\"wp-block-paragraph\">Con informaci\u00f3n de EFE<\/p>\n\n\n\n<p class=\"wp-block-paragraph\"><\/p>\n","protected":false},"excerpt":{"rendered":"<p>M\u00e9xico, 3 de Septiembre de 2026.- La presidenta\u00a0Claudia\u00a0Sheinbaum Pardo\u00a0critic\u00f3 que\u00a0Estados Unidos deporte\u00a0a\u00a0mexicanos\u00a0hacia\u00a0terceros pa\u00edses\u00a0y sostuvo que \u201cno hay raz\u00f3n\u201d para enviarlos a Centroam\u00e9rica, despu\u00e9s de que el Instituto Nacional de Migraci\u00f3n (INM) informara que m\u00e1s\u00a0dos mil 900 connacionales\u00a0han sido\u00a0trasladados\u00a0a\u00a0Guatemala, Honduras y Costa Rica. \u201cNo estamos de acuerdo. No hay raz\u00f3n para que env\u00eden a connacionales a [&hellip;]<\/p>\n","protected":false},"author":3,"featured_media":22497,"comment_status":"open","ping_status":"open","sticky":false,"template":"","format":"standard","meta":{"footnotes":""},"categories":[13,4],"tags":[],"class_list":["post-22496","post","type-post","status-publish","format-standard","has-post-thumbnail","hentry","category-nacional","category-noticias"],"_links":{"self":[{"href":"https:\/\/asisucedegto.mx\/inicio\/wp-json\/wp\/v2\/posts\/22496","targetHints":{"allow":["GET"]}}],"collection":[{"href":"https:\/\/asisucedegto.mx\/inicio\/wp-json\/wp\/v2\/posts"}],"about":[{"href":"https:\/\/asisucedegto.mx\/inicio\/wp-json\/wp\/v2\/types\/post"}],"author":[{"embeddable":true,"href":"https:\/\/asisucedegto.mx\/inicio\/wp-json\/wp\/v2\/users\/3"}],"replies":[{"embeddable":true,"href":"https:\/\/asisucedegto.mx\/inicio\/wp-json\/wp\/v2\/comments?post=22496"}],"version-history":[{"count":1,"href":"https:\/\/asisucedegto.mx\/inicio\/wp-json\/wp\/v2\/posts\/22496\/revisions"}],"predecessor-version":[{"id":22498,"href":"https:\/\/asisucedegto.mx\/inicio\/wp-json\/wp\/v2\/posts\/22496\/revisions\/22498"}],"wp:featuredmedia":[{"embeddable":true,"href":"https:\/\/asisucedegto.mx\/inicio\/wp-json\/wp\/v2\/media\/22497"}],"wp:attachment":[{"href":"https:\/\/asisucedegto.mx\/inicio\/wp-json\/wp\/v2\/media?parent=22496"}],"wp:term":[{"taxonomy":"category","embeddable":true,"href":"https:\/\/asisucedegto.mx\/inicio\/wp-json\/wp\/v2\/categories?post=22496"},{"taxonomy":"post_tag","embeddable":true,"href":"https:\/\/asisucedegto.mx\/inicio\/wp-json\/wp\/v2\/tags?post=22496"}],"curies":[{"name":"wp","href":"https:\/\/api.w.org\/{rel}","templated":true}]}}