{"id":22499,"date":"2026-09-03T21:14:07","date_gmt":"2026-09-03T21:14:07","guid":{"rendered":"https:\/\/asisucedegto.mx\/inicio\/?p=22499"},"modified":"2026-09-03T21:14:07","modified_gmt":"2026-09-03T21:14:07","slug":"impulsan-reapertura-de-tienda-superissste-en-celaya-para-inicios-de-2027","status":"publish","type":"post","link":"https:\/\/asisucedegto.mx\/inicio\/impulsan-reapertura-de-tienda-superissste-en-celaya-para-inicios-de-2027\/","title":{"rendered":"Impulsan reapertura de tienda SuperISSSTE en Celaya para inicios de 2027"},"content":{"rendered":"\n<p class=\"wp-block-paragraph\"><strong>Ciudad de M\u00e9xico., 3 de septiembre de 2026<\/strong>. Santiago Garc\u00eda L\u00f3pez impuls\u00f3 la reapertura de una tienda SuperISSSTE en Celaya, durante un encuentro con la directora general de estas unidades, Dunia Ludlow Deloya, al plantear los avances para recuperar el espacio actualmente en comodato con el Ayuntamiento.<\/p>\n\n\n\n<p class=\"wp-block-paragraph\">El dirigente del SNTSEMARNAT destac\u00f3 la ubicaci\u00f3n estrat\u00e9gica de las instalaciones, dentro de una zona habitacional con presencia de derechohabientes y alta afluencia ciudadana, al considerar que su reapertura representar\u00eda un beneficio para trabajadores al servicio del Estado.<\/p>\n\n\n\n<p class=\"wp-block-paragraph\">La directora general de SuperISSSTE, Dunia Ludlow Deloya, inform\u00f3 que el proyecto contempla habilitar una tienda tipo minis\u00faper de aproximadamente 150 metros cuadrados, con bodega, oficinas y ba\u00f1o, en un espacio que podr\u00e1 convivir con las actividades del inmueble.<\/p>\n\n\n\n<p class=\"wp-block-paragraph\">De acuerdo con la funcionaria, los trabajos f\u00edsicos para habilitar el establecimiento podr\u00edan concluir en aproximadamente dos meses; sin embargo, la apertura depender\u00e1 de la disponibilidad de plazas y de la contrataci\u00f3n del gerente de la unidad.<\/p>\n\n\n\n<p class=\"wp-block-paragraph\">La gesti\u00f3n planteada por Santiago Garc\u00eda L\u00f3pez coloca nuevamente a Celaya dentro de los proyectos de expansi\u00f3n de SuperISSSTE, con una posible apertura a inicios de 2027 y el objetivo de acercar servicios y beneficios a trabajadores y sus familias.<\/p>\n","protected":false},"excerpt":{"rendered":"<p>Ciudad de M\u00e9xico., 3 de septiembre de 2026. Santiago Garc\u00eda L\u00f3pez impuls\u00f3 la reapertura de una tienda SuperISSSTE en Celaya, durante un encuentro con la directora general de estas unidades, Dunia Ludlow Deloya, al plantear los avances para recuperar el espacio actualmente en comodato con el Ayuntamiento. El dirigente del SNTSEMARNAT destac\u00f3 la ubicaci\u00f3n estrat\u00e9gica [&hellip;]<\/p>\n","protected":false},"author":3,"featured_media":22500,"comment_status":"open","ping_status":"open","sticky":false,"template":"","format":"standard","meta":{"footnotes":""},"categories":[7,4,16],"tags":[],"class_list":["post-22499","post","type-post","status-publish","format-standard","has-post-thumbnail","hentry","category-celaya","category-noticias","category-salud"],"_links":{"self":[{"href":"https:\/\/asisucedegto.mx\/inicio\/wp-json\/wp\/v2\/posts\/22499","targetHints":{"allow":["GET"]}}],"collection":[{"href":"https:\/\/asisucedegto.mx\/inicio\/wp-json\/wp\/v2\/posts"}],"about":[{"href":"https:\/\/asisucedegto.mx\/inicio\/wp-json\/wp\/v2\/types\/post"}],"author":[{"embeddable":true,"href":"https:\/\/asisucedegto.mx\/inicio\/wp-json\/wp\/v2\/users\/3"}],"replies":[{"embeddable":true,"href":"https:\/\/asisucedegto.mx\/inicio\/wp-json\/wp\/v2\/comments?post=22499"}],"version-history":[{"count":1,"href":"https:\/\/asisucedegto.mx\/inicio\/wp-json\/wp\/v2\/posts\/22499\/revisions"}],"predecessor-version":[{"id":22501,"href":"https:\/\/asisucedegto.mx\/inicio\/wp-json\/wp\/v2\/posts\/22499\/revisions\/22501"}],"wp:featuredmedia":[{"embeddable":true,"href":"https:\/\/asisucedegto.mx\/inicio\/wp-json\/wp\/v2\/media\/22500"}],"wp:attachment":[{"href":"https:\/\/asisucedegto.mx\/inicio\/wp-json\/wp\/v2\/media?parent=22499"}],"wp:term":[{"taxonomy":"category","embeddable":true,"href":"https:\/\/asisucedegto.mx\/inicio\/wp-json\/wp\/v2\/categories?post=22499"},{"taxonomy":"post_tag","embeddable":true,"href":"https:\/\/asisucedegto.mx\/inicio\/wp-json\/wp\/v2\/tags?post=22499"}],"curies":[{"name":"wp","href":"https:\/\/api.w.org\/{rel}","templated":true}]}}