{"id":22502,"date":"2026-09-03T21:26:30","date_gmt":"2026-09-03T21:26:30","guid":{"rendered":"https:\/\/asisucedegto.mx\/inicio\/?p=22502"},"modified":"2026-09-03T21:26:30","modified_gmt":"2026-09-03T21:26:30","slug":"china-pide-mas-cooperacion-con-mexico-en-visperas-de-la-visita-del-canciller-velasco","status":"publish","type":"post","link":"https:\/\/asisucedegto.mx\/inicio\/china-pide-mas-cooperacion-con-mexico-en-visperas-de-la-visita-del-canciller-velasco\/","title":{"rendered":"China pide m\u00e1s cooperaci\u00f3n con M\u00e9xico en v\u00edsperas de la visita del canciller Velasco"},"content":{"rendered":"\n<p class=\"wp-block-paragraph\">China, 3 de Septiembre de 2026.- <strong>China<\/strong>\u00a0expres\u00f3 su\u00a0<strong>voluntad de profundizar<\/strong>\u00a0la\u00a0<strong>cooperaci\u00f3n<\/strong>\u00a0con\u00a0<strong>M\u00e9xico<\/strong>\u00a0y reforzar la confianza pol\u00edtica entre ambos pa\u00edses, en v\u00edsperas de la visita a Pek\u00edn del canciller mexicano,\u00a0<strong>Roberto\u00a0Velasco \u00c1lvarez<\/strong>, en un momento marcado por las fricciones comerciales entre las dos econom\u00edas.<\/p>\n\n\n\n<p class=\"wp-block-paragraph\">El portavoz del Ministerio chino de Exteriores&nbsp;<strong>Guo Jiakun<\/strong>&nbsp;afirm\u00f3 que Pek\u00edn espera que la visita permita a ambas partes intercambiar opiniones sobre las relaciones bilaterales y sobre asuntos internacionales y regionales de inter\u00e9s com\u00fan.<\/p>\n\n\n\n<p class=\"wp-block-paragraph\">China conf\u00eda, adem\u00e1s, en que el viaje de Velasco \u00c1lvarez sirva para \u201cseguir aumentando la confianza pol\u00edtica mutua, profundizar la cooperaci\u00f3n mutuamente beneficiosa\u201d y promover un desarrollo estable de las relaciones entre ambos pa\u00edses, agreg\u00f3 Guo.<\/p>\n\n\n\n<p class=\"wp-block-paragraph\">Velasco realizar\u00e1 su primera visita a China desde que asumi\u00f3 el cargo de secretario de Relaciones Exteriores en abril y mantendr\u00e1 un encuentro con el jefe de la diplomacia china, Wang Yi.<\/p>\n\n\n\n<p class=\"wp-block-paragraph\">El viaje se produce en medio de fricciones comerciales despu\u00e9s de que M\u00e9xico impusiera a comienzos de a\u00f1o nuevos aranceles a pa\u00edses con los que no tiene un acuerdo comercial, entre ellos China, una decisi\u00f3n que Pek\u00edn ha criticado.<\/p>\n\n\n\n<p class=\"wp-block-paragraph\">Las importaciones mexicanas procedentes de China afectadas por esas medidas cayeron un 28 % interanual durante los primeros cinco meses de 2026, seg\u00fan inform\u00f3 el pasado domingo el secretario mexicano de Econom\u00eda, Marcelo Ebrard.<\/p>\n\n\n\n<p class=\"wp-block-paragraph\">El Gobierno de la presidenta mexicana, Claudia Sheinbaum, sostiene que los grav\u00e1menes no est\u00e1n dirigidos contra ning\u00fan pa\u00eds en particular y los enmarca en una estrategia para sustituir importaciones, elevar el contenido nacional de las cadenas productivas y proteger unos 350 mil empleos.<\/p>\n\n\n\n<p class=\"wp-block-paragraph\">Pek\u00edn, por su parte, advirti\u00f3 en marzo de posibles represalias por unas barreras comerciales que afectan a m\u00e1s de 30 mil millones de d\u00f3lares en exportaciones chinas y pidi\u00f3 a M\u00e9xico que rectificara las medidas.<\/p>\n\n\n\n<p class=\"wp-block-paragraph\">Con informaci\u00f3n de EFE<\/p>\n\n\n\n<p class=\"wp-block-paragraph\"><\/p>\n","protected":false},"excerpt":{"rendered":"<p>China, 3 de Septiembre de 2026.- China\u00a0expres\u00f3 su\u00a0voluntad de profundizar\u00a0la\u00a0cooperaci\u00f3n\u00a0con\u00a0M\u00e9xico\u00a0y reforzar la confianza pol\u00edtica entre ambos pa\u00edses, en v\u00edsperas de la visita a Pek\u00edn del canciller mexicano,\u00a0Roberto\u00a0Velasco \u00c1lvarez, en un momento marcado por las fricciones comerciales entre las dos econom\u00edas. El portavoz del Ministerio chino de Exteriores&nbsp;Guo Jiakun&nbsp;afirm\u00f3 que Pek\u00edn espera que la visita permita [&hellip;]<\/p>\n","protected":false},"author":3,"featured_media":22503,"comment_status":"open","ping_status":"open","sticky":false,"template":"","format":"standard","meta":{"footnotes":""},"categories":[5,4],"tags":[],"class_list":["post-22502","post","type-post","status-publish","format-standard","has-post-thumbnail","hentry","category-internacional","category-noticias"],"_links":{"self":[{"href":"https:\/\/asisucedegto.mx\/inicio\/wp-json\/wp\/v2\/posts\/22502","targetHints":{"allow":["GET"]}}],"collection":[{"href":"https:\/\/asisucedegto.mx\/inicio\/wp-json\/wp\/v2\/posts"}],"about":[{"href":"https:\/\/asisucedegto.mx\/inicio\/wp-json\/wp\/v2\/types\/post"}],"author":[{"embeddable":true,"href":"https:\/\/asisucedegto.mx\/inicio\/wp-json\/wp\/v2\/users\/3"}],"replies":[{"embeddable":true,"href":"https:\/\/asisucedegto.mx\/inicio\/wp-json\/wp\/v2\/comments?post=22502"}],"version-history":[{"count":1,"href":"https:\/\/asisucedegto.mx\/inicio\/wp-json\/wp\/v2\/posts\/22502\/revisions"}],"predecessor-version":[{"id":22504,"href":"https:\/\/asisucedegto.mx\/inicio\/wp-json\/wp\/v2\/posts\/22502\/revisions\/22504"}],"wp:featuredmedia":[{"embeddable":true,"href":"https:\/\/asisucedegto.mx\/inicio\/wp-json\/wp\/v2\/media\/22503"}],"wp:attachment":[{"href":"https:\/\/asisucedegto.mx\/inicio\/wp-json\/wp\/v2\/media?parent=22502"}],"wp:term":[{"taxonomy":"category","embeddable":true,"href":"https:\/\/asisucedegto.mx\/inicio\/wp-json\/wp\/v2\/categories?post=22502"},{"taxonomy":"post_tag","embeddable":true,"href":"https:\/\/asisucedegto.mx\/inicio\/wp-json\/wp\/v2\/tags?post=22502"}],"curies":[{"name":"wp","href":"https:\/\/api.w.org\/{rel}","templated":true}]}}