{"id":22511,"date":"2026-09-03T22:34:36","date_gmt":"2026-09-03T22:34:36","guid":{"rendered":"https:\/\/asisucedegto.mx\/inicio\/?p=22511"},"modified":"2026-09-03T22:34:37","modified_gmt":"2026-09-03T22:34:37","slug":"balacera-deja-danos-en-dos-viviendas-de-la-colonia-ejidal","status":"publish","type":"post","link":"https:\/\/asisucedegto.mx\/inicio\/balacera-deja-danos-en-dos-viviendas-de-la-colonia-ejidal\/","title":{"rendered":"Balacera deja da\u00f1os en dos viviendas de la colonia Ejidal"},"content":{"rendered":"\n<p class=\"wp-block-paragraph\"><strong>Celaya, Gto., 3 de septiembre de 2026<\/strong>. Perforaciones en la fachada y el port\u00f3n de una vivienda fueron observadas por autoridades luego de que vecinos de la colonia Ejidal reportaran varias detonaciones de arma de fuego durante la ma\u00f1ana de este jueves.<\/p>\n\n\n\n<p class=\"wp-block-paragraph\">El hecho ocurri\u00f3 alrededor de las 6:30 de la ma\u00f1ana, cuando habitantes de la calle Ejido de La Machuca, esquina con Ejido San Felipe, escucharon varias detonaciones y solicitaron apoyo al sistema de emergencias 911.<\/p>\n\n\n\n<p class=\"wp-block-paragraph\">Al llegar al sitio, elementos de seguridad localizaron da\u00f1os en dos viviendas, entre ellos las perforaciones visibles en la fachada y el port\u00f3n de uno de los inmuebles. Personal de la Secretar\u00eda de la Defensa Nacional que se encontraba en el lugar realiz\u00f3 una revisi\u00f3n, aunque no se localizaron indicios de arma de fuego.<\/p>\n\n\n\n<p class=\"wp-block-paragraph\">Vecinos se\u00f1alaron que escucharon los disparos cerca de las 6:30 de la ma\u00f1ana, pero dijeron desconocer qui\u00e9nes los realizaron, as\u00ed como las caracter\u00edsticas de los responsables o si utilizaron alg\u00fan veh\u00edculo para escapar.<\/p>\n\n\n\n<p class=\"wp-block-paragraph\">A pesar de la preocupaci\u00f3n entre los habitantes, no se reportaron personas lesionadas, por lo que el hecho dej\u00f3 \u00fanicamente da\u00f1os materiales.<\/p>\n\n\n\n<p class=\"wp-block-paragraph\"><\/p>\n","protected":false},"excerpt":{"rendered":"<p>Celaya, Gto., 3 de septiembre de 2026. Perforaciones en la fachada y el port\u00f3n de una vivienda fueron observadas por autoridades luego de que vecinos de la colonia Ejidal reportaran varias detonaciones de arma de fuego durante la ma\u00f1ana de este jueves. El hecho ocurri\u00f3 alrededor de las 6:30 de la ma\u00f1ana, cuando habitantes de [&hellip;]<\/p>\n","protected":false},"author":3,"featured_media":22512,"comment_status":"open","ping_status":"open","sticky":false,"template":"","format":"standard","meta":{"footnotes":""},"categories":[7,4,10],"tags":[],"class_list":["post-22511","post","type-post","status-publish","format-standard","has-post-thumbnail","hentry","category-celaya","category-noticias","category-seguridad"],"_links":{"self":[{"href":"https:\/\/asisucedegto.mx\/inicio\/wp-json\/wp\/v2\/posts\/22511","targetHints":{"allow":["GET"]}}],"collection":[{"href":"https:\/\/asisucedegto.mx\/inicio\/wp-json\/wp\/v2\/posts"}],"about":[{"href":"https:\/\/asisucedegto.mx\/inicio\/wp-json\/wp\/v2\/types\/post"}],"author":[{"embeddable":true,"href":"https:\/\/asisucedegto.mx\/inicio\/wp-json\/wp\/v2\/users\/3"}],"replies":[{"embeddable":true,"href":"https:\/\/asisucedegto.mx\/inicio\/wp-json\/wp\/v2\/comments?post=22511"}],"version-history":[{"count":1,"href":"https:\/\/asisucedegto.mx\/inicio\/wp-json\/wp\/v2\/posts\/22511\/revisions"}],"predecessor-version":[{"id":22513,"href":"https:\/\/asisucedegto.mx\/inicio\/wp-json\/wp\/v2\/posts\/22511\/revisions\/22513"}],"wp:featuredmedia":[{"embeddable":true,"href":"https:\/\/asisucedegto.mx\/inicio\/wp-json\/wp\/v2\/media\/22512"}],"wp:attachment":[{"href":"https:\/\/asisucedegto.mx\/inicio\/wp-json\/wp\/v2\/media?parent=22511"}],"wp:term":[{"taxonomy":"category","embeddable":true,"href":"https:\/\/asisucedegto.mx\/inicio\/wp-json\/wp\/v2\/categories?post=22511"},{"taxonomy":"post_tag","embeddable":true,"href":"https:\/\/asisucedegto.mx\/inicio\/wp-json\/wp\/v2\/tags?post=22511"}],"curies":[{"name":"wp","href":"https:\/\/api.w.org\/{rel}","templated":true}]}}